{"id":945,"date":"2021-11-03T10:03:26","date_gmt":"2021-11-03T13:03:26","guid":{"rendered":"https:\/\/warfareshop.com.br\/blog\/?p=945"},"modified":"2026-01-21T09:36:36","modified_gmt":"2026-01-21T12:36:36","slug":"colete-tatico-modular-fenrir-2","status":"publish","type":"post","link":"https:\/\/warfare.com.br\/blog\/colete-tatico-modular-fenrir-2\/","title":{"rendered":"Colete T\u00e1tico Modular Fenrir 2"},"content":{"rendered":"<p><a href=\"https:\/\/warfareshop.com.br\/blog\/11-colete-modular\" target=\"_blank\" rel=\"noopener\"><br \/>\n<img decoding=\"async\" title=\"\" src=\"https:\/\/warfareshop.com.br\/blog\/wp-content\/uploads\/2021\/11\/fenrir-3.jpg\" alt=\"\"> <\/a><\/p>\n<h1>Colete T\u00e1tico Modular Fenrir 2 cortado a laser os furos molle que suportam 76Kg<\/h1>\n<p>Os <strong>coletes t\u00e1ticos<\/strong> sofreram muitas mudan\u00e7as nos \u00faltimos 10 anos. Dos modelos com bolsos fixos aos <strong>coletes modulares<\/strong> com <strong>corte a laser<\/strong>, essa mudan\u00e7a nunca \u00e9 simples e r\u00e1pida. requer planejamento e dedica\u00e7\u00e3o de quem faz.<\/p>\n<p><a href=\"https:\/\/warfareshop.com.br\/blog\/11-colete-modular\" target=\"_blank\" rel=\"noopener\"><br \/>\n<img decoding=\"async\" title=\"\" src=\"https:\/\/warfareshop.com.br\/blog\/wp-content\/uploads\/2021\/11\/fenrir_05.jpg\" alt=\"\"> <\/a><\/p>\n<p>O <strong>colete modular<\/strong> Fenrir 2 \u00e9 a vers\u00e3o que busca melhorar o primeiro modelo com <strong>sistema modular<\/strong> em fitas.<\/p>\n<p>As <strong>fitas modulares<\/strong> ocuparam por um bom tempo a produ\u00e7\u00e3o e desenvolvimento de <strong>coletes t\u00e1ticos<\/strong> no mundo e a necessidade de automa\u00e7\u00e3o e mudan\u00e7a de processos, faz com que a ind\u00fastria busque melhorar sua forma de fazer as coisas.<\/p>\n<p>A vers\u00e3o em laser cut do <strong>colete t\u00e1tico<\/strong> Fenrir 2 possui bastante inova\u00e7\u00e3o, seja em tecido seja em design e tenho certeza de que voc\u00ea vai gostar.<\/p>\n<p><a href=\"https:\/\/warfareshop.com.br\/blog\/11-colete-modular\" target=\"_blank\" rel=\"noopener\"><br \/>\nComprar<br \/>\n<\/a><br \/>\n<a href=\"https:\/\/warfareshop.com.br\/blog\/porta-placa-balistica-flexivel\/196-353-colete-tatico-molle-fenrir-2-coyote.html#\/6-tamanho-p\" target=\"_blank\" rel=\"noopener\"><br \/>\n<img decoding=\"async\" title=\"\" src=\"https:\/\/warfareshop.com.br\/blog\/wp-content\/uploads\/2021\/11\/colete-fenrir-2_03.jpg\" alt=\"\"> <\/a><br \/>\n<img decoding=\"async\" title=\"\" src=\"https:\/\/warfareshop.com.br\/blog\/wp-content\/uploads\/2021\/11\/cordura.jpg\" alt=\"\"><\/p>\n<h2>Constru\u00eddo em L\u00e2minado de Cordura 500D<\/h2>\n<p>Para que fosse poss\u00edvel o fabricar esse <strong>colete t\u00e1tico<\/strong> em corte a laser, foi necess\u00e1rio desenvolver um tecido que suportasse esse processo. N\u00e3o basta somente cortar a pe\u00e7a, ela precisa ficar funcional para uso policial em miss\u00f5es reais.<\/p>\n<p>Ent\u00e3o n\u00e3o basta o <strong>colete modular<\/strong> ou os <strong>bolsos modulares<\/strong> serem <strong>Cordura<\/strong> e cortar a laser para que o sistema inteiro funcione. Existe todo um trabalho de desenvolvimento por tr\u00e1s disso que envolve investimento e muito acerto erro.<\/p>\n<p>O primeiro passo foi buscar os materiais existentes no mercado e que possam atender ao esperado no projeto. No Brasil n\u00e3o encontramos nada que pudesse atender\u00a0 e os materiais internacionais deixam o produto caro ao bolso do brasileiro como o tecido <strong>Centurion\u2122<\/strong> fabricado pela <strong>Honeywell<\/strong>.<\/p>\n<p>Os tecidos <strong>Centurion \u2122<\/strong> s\u00e3o feitos com fibra <strong>Spectra\u00ae<\/strong>, uma fibra de polietileno de alto peso molecular que \u00e9 15 vezes mais forte do que o a\u00e7o com o mesmo peso.<\/p>\n<p>O tecido <strong>Centurion<\/strong> de alta resist\u00eancia permite que <strong>coletes t\u00e1ticos<\/strong> sejam feitos com menos material, alcan\u00e7ando <strong>coletes t\u00e1ticos<\/strong> mais leves sem sacrificar a resist\u00eancia.<\/p>\n<p><a href=\"https:\/\/warfareshop.com.br\/blog\/porta-placa-balistica-flexivel\/196-353-colete-tatico-molle-fenrir-2-coyote.html#\/6-tamanho-p\" target=\"_blank\" rel=\"noopener\"><br \/>\n<img decoding=\"async\" title=\"\" src=\"https:\/\/warfareshop.com.br\/blog\/wp-content\/uploads\/2021\/11\/colete-fenrir-2_04.jpg\" alt=\"\"> <\/a><\/p>\n<h2>A Modelagem<\/h2>\n<p>Nossa pesquisa levou ao desenvolvimento de um tecido nacional acoplado a borracha de EVA e outros aditivos e materiais, que davam a resist\u00eancia que busc\u00e1vamos.<\/p>\n<p>Quando chegamos no tecido ideal para a constru\u00e7\u00e3o no novo modelo de <strong>colete t\u00e1tico<\/strong>, passamos para o desenho em s\u00ed. O modelo base n\u00e3o poderia ser diferente no corpo do modelo de <strong>colete t\u00e1tico<\/strong> Fenrir 1 pois as placas s\u00e3o as mesmas e nisso n\u00e3o se pode mexer.<\/p>\n<h2>Fita de Extra\u00e7\u00e3o<\/h2>\n<p>Modificamos a fita de extra\u00e7\u00e3o que \u00e9 colocada na parte das costas. Essa fita fica escamoteada e permite ao operador de resgate um melhor \u00c2ngulo para o resgate.<\/p>\n<p>Ao se puxar, ela se estende ficando muito mais confort\u00e1vel a quem esta puxando o ferido sob stress e ainda d\u00e1 a oportunidade de responder ao fogo inimigo. Essa al\u00e7a foi testada em laborat\u00f3rio para se saber em que momento ela come\u00e7a a romper o tecido.<\/p>\n<p><img decoding=\"async\" title=\"\" src=\"https:\/\/warfareshop.com.br\/blog\/wp-content\/uploads\/2021\/11\/alca.jpg\" alt=\"\"><br \/>\n<a href=\"https:\/\/warfareshop.com.br\/blog\/porta-placa-balistica-flexivel\/196-353-colete-tatico-molle-fenrir-2-coyote.html#\/6-tamanho-p\" target=\"_blank\" rel=\"noopener\"><br \/>\n<img decoding=\"async\" title=\"\" src=\"https:\/\/warfareshop.com.br\/blog\/wp-content\/uploads\/2021\/11\/alca2.jpg\" alt=\"\"> <\/a><\/p>\n<h2>Os Furos Do Sistema Modular<\/h2>\n<p>Da mesma maneira, a resist\u00eancia do sistema modular em laser cut foi testada em laborat\u00f3rio. O novo sistema se mostrou adequado ao que se buscava com bom desempenho a alongamento e tra\u00e7\u00e3o<\/p>\n<p><img decoding=\"async\" title=\"\" src=\"https:\/\/warfareshop.com.br\/blog\/wp-content\/uploads\/2021\/11\/alca3-1.jpg\" alt=\"\"><\/p>\n<h2>76 kgf &#8211; Resist\u00eancia a Tra\u00e7\u00e3o<\/h2>\n<p>Cada gomo do <strong>colete tatico<\/strong> cortado a laser no tecido que desenvolvemos suporta ent\u00e3o 76 kg for\u00e7a de tra\u00e7\u00e3o.<br \/>\nIsso quer dizer que o <strong>colete t\u00e1tico<\/strong> vai resistir a coloca\u00e7\u00e3o de <strong>bolsos modulares<\/strong> e <strong>porta carregador modulares<\/strong> com peso sem rasgar.<\/p>\n<p><a href=\"https:\/\/warfareshop.com.br\/blog\/porta-placa-balistica-flexivel\/196-353-colete-tatico-molle-fenrir-2-coyote.html#\/6-tamanho-p\" target=\"_blank\" rel=\"noopener\"><br \/>\n<img decoding=\"async\" title=\"\" src=\"https:\/\/warfareshop.com.br\/blog\/wp-content\/uploads\/2021\/11\/alca4-1.jpg\" alt=\"\"> <\/a><\/p>\n<p>A parte frontal do <strong>colete tatico modular<\/strong> Fenrir 2 ficou limpa e livre das <strong>fitas molle<\/strong>. Isso deu leveza ao <strong>colete t\u00e1tico<\/strong> e um ar robusto e moderno.<\/p>\n<p>Com a utiliza\u00e7\u00e3o do tecido laminado com EVA, o <strong>colete t\u00e1tico<\/strong> ficou mais armado e sua apar\u00eancia e presen\u00e7a s\u00e3o sentidas por quem usa.<\/p>\n<p><a href=\"https:\/\/warfareshop.com.br\/blog\/11-colete-modular\" target=\"_blank\" rel=\"noopener\"><br \/>\nComprar<br \/>\n<\/a><br \/>\n<a href=\"https:\/\/warfareshop.com.br\/blog\/porta-placa-balistica-flexivel\/641-542-colete-tatico-modular-fenrir-2-azul-dark.html#\/6-tamanho-p\" target=\"_blank\" rel=\"noopener\"><br \/>\n<img decoding=\"async\" title=\"\" src=\"https:\/\/warfareshop.com.br\/blog\/wp-content\/uploads\/2021\/11\/azul_dark.jpg\" alt=\"\"> <\/a><br \/>\n<a href=\"https:\/\/warfareshop.com.br\/blog\/porta-placa-balistica-flexivel\/339-186-colete-tatico-molle-fenrir-2-preto.html#\/2-modelo_ou_cor-preto_m\" target=\"_blank\" rel=\"noopener\"><br \/>\n<img decoding=\"async\" title=\"\" src=\"https:\/\/warfareshop.com.br\/blog\/wp-content\/uploads\/2021\/11\/azul_dark_1.jpg\" alt=\"\"> <\/a><br \/>\n<a href=\"https:\/\/warfareshop.com.br\/blog\/porta-placa-balistica-flexivel\/196-353-colete-tatico-molle-fenrir-2-coyote.html#\/6-tamanho-p\" target=\"_blank\" rel=\"noopener\"><br \/>\n<img decoding=\"async\" title=\"\" src=\"https:\/\/warfareshop.com.br\/blog\/wp-content\/uploads\/2021\/11\/azul_dark_2.jpg\" alt=\"\"> <\/a><br \/>\n<a href=\"https:\/\/warfareshop.com.br\/blog\/porta-placa-balistica-flexivel\/752-1515-colete-tatico-molle-fenrir-2-verde.html#\/6-tamanho-p\" target=\"_blank\" rel=\"noopener\"><br \/>\n<img decoding=\"async\" title=\"\" src=\"https:\/\/warfareshop.com.br\/blog\/wp-content\/uploads\/2021\/11\/azul_dark_3.jpg\" alt=\"\"> <\/a><\/p>\n<p>O <strong>colete t\u00e1tico<\/strong> \u00e9 uma das pe\u00e7as mais importantes do <strong>equipamento t\u00e1tico<\/strong>.\u00a0\u00c9 a base de uma carga t\u00e1tica s\u00f3lida, \u00e0 qual voc\u00ea pode anexar todas as ferramentas e <strong>acess\u00f3rios modulares<\/strong> de que precisa.<\/p>\n<p>Socorristas, seguran\u00e7a privada, instrutores de armamento e tiro (<strong>CAC , IAT<\/strong>) Policiais e militares e at\u00e9 cidad\u00e3os comuns na auto defesa podem se beneficiar da utilidade e prote\u00e7\u00e3o extra que um<strong> colete t\u00e1tico<\/strong> pode fornecer.<\/p>\n<p>Escolha seu colete t\u00e1tico como escolhe seu torniquete pois ser\u00e1 um equipamento fundamental para cumprir sua miss\u00e3o e voltar para casa em seguran\u00e7a.<\/p>\n<p><a href=\"https:\/\/warfareshop.com.br\/blog\/11-colete-modular\" target=\"_blank\" rel=\"noopener\"><br \/>\nComprar<br \/>\n<\/a><br \/>\n<a href=\"https:\/\/warfareshop.com.br\/blog\" target=\"_blank\" rel=\"noopener\"><br \/>\n<img decoding=\"async\" title=\"\" src=\"https:\/\/warfareshop.com.br\/blog\/wp-content\/uploads\/2021\/11\/alca5.jpg\" alt=\"\"> <\/a><br \/>\n<a href=\"https:\/\/warfareshop.com.br\/blog\/17-bolso-modular\" target=\"_blank\" rel=\"noopener\"><br \/>\n<img decoding=\"async\" title=\"\" src=\"https:\/\/warfareshop.com.br\/blog\/wp-content\/uploads\/2021\/11\/WARFARE_TOPO.jpg\" alt=\"\"> <\/a><\/p>\n","protected":false},"excerpt":{"rendered":"<p>O colete tatico Fenrir 2 ser\u00e1 sua pr\u00f3xima armadura<\/p>\n","protected":false},"author":1,"featured_media":6757,"comment_status":"open","ping_status":"open","sticky":false,"template":"","format":"standard","meta":{"_acf_changed":false,"footnotes":""},"categories":[107],"tags":[11,27,28,29],"class_list":["post-945","post","type-post","status-publish","format-standard","has-post-thumbnail","hentry","category-equipamentos-e-reviews","tag-bolso-colete-tatico","tag-colete-modular","tag-colete-policial","tag-colete-tatico"],"acf":[],"_links":{"self":[{"href":"https:\/\/warfare.com.br\/blog\/wp-json\/wp\/v2\/posts\/945","targetHints":{"allow":["GET"]}}],"collection":[{"href":"https:\/\/warfare.com.br\/blog\/wp-json\/wp\/v2\/posts"}],"about":[{"href":"https:\/\/warfare.com.br\/blog\/wp-json\/wp\/v2\/types\/post"}],"author":[{"embeddable":true,"href":"https:\/\/warfare.com.br\/blog\/wp-json\/wp\/v2\/users\/1"}],"replies":[{"embeddable":true,"href":"https:\/\/warfare.com.br\/blog\/wp-json\/wp\/v2\/comments?post=945"}],"version-history":[{"count":7,"href":"https:\/\/warfare.com.br\/blog\/wp-json\/wp\/v2\/posts\/945\/revisions"}],"predecessor-version":[{"id":9213,"href":"https:\/\/warfare.com.br\/blog\/wp-json\/wp\/v2\/posts\/945\/revisions\/9213"}],"wp:featuredmedia":[{"embeddable":true,"href":"https:\/\/warfare.com.br\/blog\/wp-json\/wp\/v2\/media\/6757"}],"wp:attachment":[{"href":"https:\/\/warfare.com.br\/blog\/wp-json\/wp\/v2\/media?parent=945"}],"wp:term":[{"taxonomy":"category","embeddable":true,"href":"https:\/\/warfare.com.br\/blog\/wp-json\/wp\/v2\/categories?post=945"},{"taxonomy":"post_tag","embeddable":true,"href":"https:\/\/warfare.com.br\/blog\/wp-json\/wp\/v2\/tags?post=945"}],"curies":[{"name":"wp","href":"https:\/\/api.w.org\/{rel}","templated":true}]}}